{"id":503,"date":"2025-06-18T16:17:24","date_gmt":"2025-06-18T16:17:24","guid":{"rendered":"https:\/\/klogdev.wpenginepowered.com\/?p=503"},"modified":"2026-01-23T15:55:52","modified_gmt":"2026-01-23T15:55:52","slug":"klog-becomes-the-first-portuguese-green-carrier","status":"publish","type":"post","link":"https:\/\/klog.pt\/pt\/klog-becomes-the-first-portuguese-green-carrier\/","title":{"rendered":"A KLOG torna-se a primeira \u201ctransportadora verde\u201d portuguesa\u201d"},"content":{"rendered":"<div class=\"wp-block-columns is-layout-flex wp-container-core-columns-is-layout-d0b3c9c8 wp-block-columns-is-layout-flex\">\n<div class=\"wp-block-column is-layout-flow wp-block-column-is-layout-flow\" style=\"flex-basis:66.66%\">\n<p style=\"border-left-color:var(--wp--preset--color--klog-blue-bg);border-left-width:5px;padding-left:var(--wp--preset--spacing--small);font-style:normal;font-weight:400;line-height:1.6\">A KLOG acaba de anunciar uma nova parceria, com a norte-americana project44. Com este novo acordo, a empresa portuguesa vai beneficiar de um servi\u00e7o que permite um elevado n\u00edvel de rastreabilidade de toda a mercadoria transportada atrav\u00e9s dos diferentes segmentos \u2013 Air, Rail, FTL, Roro, Short-Sea e Deep-Sea \u2013 e, simultaneamente, garante a conex\u00e3o entre portos mar\u00edtimos e terminais ferrovi\u00e1rios, al\u00e9m de tamb\u00e9m lhe permitir gerir os seus envios multimodais.<\/p>\n<\/div>\n\n\n\n<div class=\"wp-block-column is-layout-flow wp-block-column-is-layout-flow\" style=\"flex-basis:33.33%\"><figure style=\"aspect-ratio:3\/2;height:150px;\" class=\"aligncenter wp-block-post-featured-image\"><img fetchpriority=\"high\" decoding=\"async\" width=\"800\" height=\"600\" src=\"https:\/\/klog.pt\/wp-content\/uploads\/2025\/06\/verde.jpg\" class=\"attachment-post-thumbnail size-post-thumbnail wp-post-image\" alt=\"Verde\" style=\"border-radius:12px;width:100%;height:100%;object-fit:cover;\" srcset=\"https:\/\/klog.pt\/wp-content\/uploads\/2025\/06\/verde.jpg 800w, https:\/\/klog.pt\/wp-content\/uploads\/2025\/06\/verde-300x225.jpg 300w, https:\/\/klog.pt\/wp-content\/uploads\/2025\/06\/verde-768x576.jpg 768w, https:\/\/klog.pt\/wp-content\/uploads\/2025\/06\/verde-16x12.jpg 16w\" sizes=\"(max-width: 800px) 100vw, 800px\" loading=\"eager\" \/><\/figure><\/div>\n<\/div>\n\n\n\n<p>KLog \u2013 a Portuguese company specializing in creating value-added solutions for the logistics and transport sector \u2013 has just become the first Portuguese company to join Green Freight Europe (GFE). This international program, launched in 2012, aims to improve fuel efficiency and promote sustainable transport in Europe. IKEA, Heineken, Procter &amp; Gamble, and Philips are just some of the dozens of companies that are part of Green Freight Europe.<\/p>\n\n\n\n<p>GFE also aims to promote collaboration between carriers and reward companies that meet the program&#8217;s requirements, which limit carbon emission levels. Aware of the difficulties in calculating these emissions, Green Freight Europe offers a platform where companies enter the operational data necessary to calculate, validate, and monitor the environmental performance of their transport operations. The platform is managed by a neutral and independent entity that guarantees the confidentiality of the information and the transparency of the process.<\/p>\n\n\n\n<p>Jos\u00e9 Cardoso, administrator of KLog, states that &#8220;this is the first time that companies in the logistics and transport sector have come together to define a standard system for measuring carbon dioxide emissions.&#8221; As a green carrier, KLog plays an important role: &#8220;This is a fundamental cooperation, since it allows the creation of a balanced and practical system, supported by the logistics and transport industry itself,&#8221; concludes the manager.<\/p>","protected":false},"excerpt":{"rendered":"<p>Portuguese logistics and transport company commits to reducing carbon emissions and contributing to environmental protection. KLog \u2013 a Portuguese company specializing in creating value-added solutions for the logistics and transport sector \u2013 has just become the first Portuguese company to join Green Freight Europe (GFE). This international program, launched in 2012, aims to improve fuel [&hellip;]<\/p>\n","protected":false},"author":1,"featured_media":504,"comment_status":"open","ping_status":"open","sticky":false,"template":"","format":"standard","meta":{"_acf_changed":false,"slim_seo":{"title":"KLOG becomes the first Portuguese \"green carrier\" - KLOG","description":"Portuguese logistics and transport company commits to reducing carbon emissions and contributing to environmental protection. KLog \u2013 a Portuguese company specia"},"footnotes":""},"categories":[14],"tags":[],"news":[],"class_list":["post-503","post","type-post","status-publish","format-standard","has-post-thumbnail","hentry","category-news"],"acf":[],"mb":[],"mfb_rest_fields":["title"],"_links":{"self":[{"href":"https:\/\/klog.pt\/pt\/wp-json\/wp\/v2\/posts\/503","targetHints":{"allow":["GET"]}}],"collection":[{"href":"https:\/\/klog.pt\/pt\/wp-json\/wp\/v2\/posts"}],"about":[{"href":"https:\/\/klog.pt\/pt\/wp-json\/wp\/v2\/types\/post"}],"author":[{"embeddable":true,"href":"https:\/\/klog.pt\/pt\/wp-json\/wp\/v2\/users\/1"}],"replies":[{"embeddable":true,"href":"https:\/\/klog.pt\/pt\/wp-json\/wp\/v2\/comments?post=503"}],"version-history":[{"count":0,"href":"https:\/\/klog.pt\/pt\/wp-json\/wp\/v2\/posts\/503\/revisions"}],"wp:featuredmedia":[{"embeddable":true,"href":"https:\/\/klog.pt\/pt\/wp-json\/wp\/v2\/media\/504"}],"wp:attachment":[{"href":"https:\/\/klog.pt\/pt\/wp-json\/wp\/v2\/media?parent=503"}],"wp:term":[{"taxonomy":"category","embeddable":true,"href":"https:\/\/klog.pt\/pt\/wp-json\/wp\/v2\/categories?post=503"},{"taxonomy":"post_tag","embeddable":true,"href":"https:\/\/klog.pt\/pt\/wp-json\/wp\/v2\/tags?post=503"},{"taxonomy":"news","embeddable":true,"href":"https:\/\/klog.pt\/pt\/wp-json\/wp\/v2\/news?post=503"}],"curies":[{"name":"wp","href":"https:\/\/api.w.org\/{rel}","templated":true}]}}